{"id":1918,"date":"2022-05-13T19:31:28","date_gmt":"2022-05-13T19:31:28","guid":{"rendered":"http:\/\/cecodur.org.uy\/web\/?p=1918"},"modified":"2022-05-13T19:31:28","modified_gmt":"2022-05-13T19:31:28","slug":"llamado-a-consultores-y-entidades-de-capacitacion","status":"publish","type":"post","link":"http:\/\/cecodur.org.uy\/web\/llamado-a-consultores-y-entidades-de-capacitacion\/","title":{"rendered":"Llamado a Consultores y Entidades de Capacitaci\u00f3n"},"content":{"rendered":"<h3 style=\"text-align: center;\">Llamado Abreviado: Capacitaci\u00f3n Espec\u00edfica para Empresas.<\/h3>\n<p style=\"text-align: center;\">Centro Pyme Durazno &#8211; Paso de los Toros.<\/p>\n<p>&nbsp;<\/p>\n<p style=\"text-align: center;\"><strong>PRESENTACI\u00d3N DE PROPUESTAS DE CAPACITACI\u00d3N EN: COMERCIALIZACI\u00d3N Y MARKETING DIGITAL<\/strong><\/p>\n<p style=\"text-align: center;\">SOCIO ESTRAT\u00c9GICO:\u00a0 Centro Comercial e Industrial de Durazno<\/p>\n<p>La entidad de capacitaci\u00f3n postulante debe enviar las propuestas en formato digital a trav\u00e9s del correo electr\u00f3nico:<\/p>\n<p style=\"text-align: center;\"><strong><a href=\"mailto:durazno@centros.uy\"> durazno@centros.uy<\/a> o <a href=\"mailto:pasodelostoros@centros.uy\">pasodelostoros@centros.uy<\/a>.<\/strong><\/p>\n<p>No se recibir\u00e1n ofertas por otros medios. Se realizar\u00e1 acuse de recibo de todas las propuestas enviadas en tiempo y forma. La no recepci\u00f3n de esta notificaci\u00f3n indica que la propuesta no fue recibida por lo que no ser\u00e1 efectiva la postulaci\u00f3n. Las consultas tambi\u00e9n las pueden realizar a la casilla mencionada anteriormente.<\/p>\n<h4 style=\"text-align: center;\">\n<strong>Las propuestas se recibir\u00e1n hasta el viernes 3 de junio de 2022 a las 16hs.<\/strong><\/h4>\n<p style=\"text-align: center;\"><a href=\"http:\/\/cecodur.org.uy\/web\/wp-content\/uploads\/2022\/05\/TDR-marketing-digital.pdf\" target=\"_blank\" rel=\"noopener\">DESARGUE AQU\u00cd LOS TERMINOS DE REFERENCIA<\/a><\/p>\n","protected":false},"excerpt":{"rendered":"<p>Llamado Abreviado: Capacitaci\u00f3n Espec\u00edfica para Empresas. Centro Pyme Durazno &#8211; Paso de los Toros. &nbsp; PRESENTACI\u00d3N DE PROPUESTAS DE CAPACITACI\u00d3N EN: COMERCIALIZACI\u00d3N Y MARKETING DIGITAL SOCIO ESTRAT\u00c9GICO:\u00a0 Centro Comercial e [&hellip;]<\/p>\n","protected":false},"author":2,"featured_media":1920,"comment_status":"closed","ping_status":"closed","sticky":false,"template":"","format":"standard","meta":{"_monsterinsights_skip_tracking":false,"_monsterinsights_sitenote_active":false,"_monsterinsights_sitenote_note":"","_monsterinsights_sitenote_category":0,"footnotes":""},"categories":[50,1],"tags":[31,69,28,70],"class_list":["post-1918","post","type-post","status-publish","format-standard","has-post-thumbnail","hentry","category-centro-pyme","category-locales","tag-emprendedores","tag-estudiantes","tag-mipymes","tag-tecnicos"],"_links":{"self":[{"href":"http:\/\/cecodur.org.uy\/web\/wp-json\/wp\/v2\/posts\/1918","targetHints":{"allow":["GET"]}}],"collection":[{"href":"http:\/\/cecodur.org.uy\/web\/wp-json\/wp\/v2\/posts"}],"about":[{"href":"http:\/\/cecodur.org.uy\/web\/wp-json\/wp\/v2\/types\/post"}],"author":[{"embeddable":true,"href":"http:\/\/cecodur.org.uy\/web\/wp-json\/wp\/v2\/users\/2"}],"replies":[{"embeddable":true,"href":"http:\/\/cecodur.org.uy\/web\/wp-json\/wp\/v2\/comments?post=1918"}],"version-history":[{"count":1,"href":"http:\/\/cecodur.org.uy\/web\/wp-json\/wp\/v2\/posts\/1918\/revisions"}],"predecessor-version":[{"id":1921,"href":"http:\/\/cecodur.org.uy\/web\/wp-json\/wp\/v2\/posts\/1918\/revisions\/1921"}],"wp:featuredmedia":[{"embeddable":true,"href":"http:\/\/cecodur.org.uy\/web\/wp-json\/wp\/v2\/media\/1920"}],"wp:attachment":[{"href":"http:\/\/cecodur.org.uy\/web\/wp-json\/wp\/v2\/media?parent=1918"}],"wp:term":[{"taxonomy":"category","embeddable":true,"href":"http:\/\/cecodur.org.uy\/web\/wp-json\/wp\/v2\/categories?post=1918"},{"taxonomy":"post_tag","embeddable":true,"href":"http:\/\/cecodur.org.uy\/web\/wp-json\/wp\/v2\/tags?post=1918"}],"curies":[{"name":"wp","href":"https:\/\/api.w.org\/{rel}","templated":true}]}}