{"id":1937,"date":"2022-07-01T20:56:44","date_gmt":"2022-07-01T20:56:44","guid":{"rendered":"http:\/\/cecodur.org.uy\/web\/?p=1937"},"modified":"2022-07-01T20:56:44","modified_gmt":"2022-07-01T20:56:44","slug":"comercializacion-y-marketing-digital","status":"publish","type":"post","link":"http:\/\/cecodur.org.uy\/web\/comercializacion-y-marketing-digital\/","title":{"rendered":"Comercializaci\u00f3n y Marketing Digital"},"content":{"rendered":"<h3 style=\"text-align: center;\">Comercializaci\u00f3n y Marketing Digital<\/h3>\n<p style=\"text-align: center;\">Centro Pyme Durazno.<\/p>\n<p style=\"text-align: center;\">Taller Te\u00f3rico Pr\u00e1ctico &#8211; 7 encuentros Presenciales<\/p>\n<h4 style=\"text-align: center;\">Comienzo: 25 de Julio.<\/h4>\n<p style=\"text-align: center;\">Lunes y Mi\u00e9rcoles de 18 a 20 horas.<\/p>\n<p style=\"text-align: center;\">Introd\u00facete al mundo de la promoci\u00f3n y ventas digitales.<br \/>\n(Empresas formales o informales con m\u00e1s de 36 meses)<\/p>\n<h5 style=\"text-align: center;\"><strong>M\u00e1s informaci\u00f3n e inscripciones:<\/strong><\/h5>\n<p style=\"text-align: center;\"><a href=\"https:\/\/ande.ecenterdirect.com\/events\/8374\" target=\"_blank\" rel=\"noopener\">https:\/\/ande.ecenterdirect.com\/events\/8374<\/a><\/p>\n<p style=\"text-align: center;\">o al Tel\u00e9fono <a href=\"tel:098360600\">099 360 600<\/a><\/p>\n<p style=\"text-align: center;\">o <a href=\"tel:099360400\">099 360 400<\/a><\/p>\n<p style=\"text-align: center;\"><a href=\"http:\/\/cecodur.org.uy\/web\/wp-content\/uploads\/2022\/07\/WhatsApp-Image-2022-07-01-at-11.33.01-AM1-e1656708975874.jpeg\"><img fetchpriority=\"high\" decoding=\"async\" class=\"size-full wp-image-1939\" src=\"http:\/\/cecodur.org.uy\/web\/wp-content\/uploads\/2022\/07\/WhatsApp-Image-2022-07-01-at-11.33.01-AM1-e1656708975874.jpeg\" alt=\"\" width=\"450\" height=\"450\" srcset=\"http:\/\/cecodur.org.uy\/web\/wp-content\/uploads\/2022\/07\/WhatsApp-Image-2022-07-01-at-11.33.01-AM1-e1656708975874.jpeg 450w, http:\/\/cecodur.org.uy\/web\/wp-content\/uploads\/2022\/07\/WhatsApp-Image-2022-07-01-at-11.33.01-AM1-e1656708975874-300x300.jpeg 300w, http:\/\/cecodur.org.uy\/web\/wp-content\/uploads\/2022\/07\/WhatsApp-Image-2022-07-01-at-11.33.01-AM1-e1656708975874-150x150.jpeg 150w\" sizes=\"(max-width: 450px) 100vw, 450px\" \/><\/a><\/p>\n<p>&nbsp;<\/p>\n<p>&nbsp;<\/p>\n<p style=\"text-align: center;\">\n","protected":false},"excerpt":{"rendered":"<p>Comercializaci\u00f3n y Marketing Digital Centro Pyme Durazno. Taller Te\u00f3rico Pr\u00e1ctico &#8211; 7 encuentros Presenciales Comienzo: 25 de Julio. Lunes y Mi\u00e9rcoles de 18 a 20 horas. Introd\u00facete al mundo de [&hellip;]<\/p>\n","protected":false},"author":2,"featured_media":1938,"comment_status":"closed","ping_status":"closed","sticky":false,"template":"","format":"standard","meta":{"_monsterinsights_skip_tracking":false,"_monsterinsights_sitenote_active":false,"_monsterinsights_sitenote_note":"","_monsterinsights_sitenote_category":0,"footnotes":""},"categories":[50,26,1],"tags":[31,69,28,70],"class_list":["post-1937","post","type-post","status-publish","format-standard","has-post-thumbnail","hentry","category-centro-pyme","category-emprender","category-locales","tag-emprendedores","tag-estudiantes","tag-mipymes","tag-tecnicos"],"_links":{"self":[{"href":"http:\/\/cecodur.org.uy\/web\/wp-json\/wp\/v2\/posts\/1937","targetHints":{"allow":["GET"]}}],"collection":[{"href":"http:\/\/cecodur.org.uy\/web\/wp-json\/wp\/v2\/posts"}],"about":[{"href":"http:\/\/cecodur.org.uy\/web\/wp-json\/wp\/v2\/types\/post"}],"author":[{"embeddable":true,"href":"http:\/\/cecodur.org.uy\/web\/wp-json\/wp\/v2\/users\/2"}],"replies":[{"embeddable":true,"href":"http:\/\/cecodur.org.uy\/web\/wp-json\/wp\/v2\/comments?post=1937"}],"version-history":[{"count":1,"href":"http:\/\/cecodur.org.uy\/web\/wp-json\/wp\/v2\/posts\/1937\/revisions"}],"predecessor-version":[{"id":1940,"href":"http:\/\/cecodur.org.uy\/web\/wp-json\/wp\/v2\/posts\/1937\/revisions\/1940"}],"wp:featuredmedia":[{"embeddable":true,"href":"http:\/\/cecodur.org.uy\/web\/wp-json\/wp\/v2\/media\/1938"}],"wp:attachment":[{"href":"http:\/\/cecodur.org.uy\/web\/wp-json\/wp\/v2\/media?parent=1937"}],"wp:term":[{"taxonomy":"category","embeddable":true,"href":"http:\/\/cecodur.org.uy\/web\/wp-json\/wp\/v2\/categories?post=1937"},{"taxonomy":"post_tag","embeddable":true,"href":"http:\/\/cecodur.org.uy\/web\/wp-json\/wp\/v2\/tags?post=1937"}],"curies":[{"name":"wp","href":"https:\/\/api.w.org\/{rel}","templated":true}]}}