{"id":992,"date":"2020-05-26T18:22:26","date_gmt":"2020-05-26T18:22:26","guid":{"rendered":"http:\/\/cecodur.org.uy\/web\/?p=992"},"modified":"2020-05-26T18:37:56","modified_gmt":"2020-05-26T18:37:56","slug":"seguro-y-subsidio-por-cese-de-actividad-covid-19","status":"publish","type":"post","link":"http:\/\/cecodur.org.uy\/web\/seguro-y-subsidio-por-cese-de-actividad-covid-19\/","title":{"rendered":"Seguro y Subsidio por cese de actividad debido a COVID-19"},"content":{"rendered":"<p>Dentro de estos planes a trav\u00e9s de ANDE (Agencia Nacional de Desarrollo) se han establecido las siguientes herramientas:<\/p>\n<h4>Seguro por Cese de Actividad:<\/h4>\n<p><strong>Pr\u00e9stamos Blandos por Cese de Actividad &#8211; Monotributos y Peque\u00f1os Empresarios de Industria y Comercio.<\/strong><\/p>\n<p>Informamos que el\u00a0pago de los $12.000 correspondientes al mes de abril se podr\u00e1 cobrar a partir del 5 de mayo. La fecha del pago correspondiente al mes de mayo se informar\u00e1 oportunamente.<\/p>\n<p dir=\"ltr\">Previamente se puede consultar en la web del BPS para saber si corresponde el cobro de este beneficio, mediante un tr\u00e1mite sencillo con su n\u00famero de empresa, a trav\u00e9s de este <strong><a href=\"https:\/\/serviciosenlinea.bps.gub.uy\/ServiciosEnLineaWeb\/contenidosEmbebido?id=16965\" target=\"_blank\" rel=\"noopener noreferrer\" data-saferedirecturl=\"https:\/\/www.google.com\/url?q=https:\/\/serviciosenlinea.bps.gub.uy\/ServiciosEnLineaWeb\/contenidosEmbebido?id%3D16965&amp;source=gmail&amp;ust=1588346460971000&amp;usg=AFQjCNHUkzQOxJscjsTr_T7-Vs7hDXgNZg\">link<\/a><\/strong><\/p>\n<h4 dir=\"ltr\">Subsidio Directo:<\/h4>\n<p><strong>Empresas Monotributo Social MIDES.<\/strong><\/p>\n<p>Informamos: el pago correspondiente al mes de abril se podr\u00e1 cobrar a partir del 5 de mayo<\/p>\n<p>Se brinda un subsidio mensual que asciende a $ 6.779 (1,5 BPC), el cual ser\u00e1 implementado por el Banco\u00a0de Previsi\u00f3n Social \u2013 BPS<\/p>\n<p>El mencionado subsidio no debe ser reintegrado y se abonar\u00e1 a las empresas que registren pagos durante el a\u00f1o 2019, independientemente que la empresa se encuentre activa o con declaraci\u00f3n de inactividad a causa de la situaci\u00f3n sanitaria (declaraci\u00f3n de inactividad o solicitud de clausura posterior al 13\/3).<\/p>\n<p><strong>No debe ser reintegrado.<\/strong><\/p>\n<h4>Para conocer todos los detalles: <a href=\"http:\/\/cecodur.org.uy\/web\/contacto\/\">CONT\u00c1CTENOS!<\/a><\/h4>\n<p>&nbsp;<\/p>\n","protected":false},"excerpt":{"rendered":"<p>Dentro de estos planes a trav\u00e9s de ANDE (Agencia Nacional de Desarrollo) se han establecido las siguientes herramientas: Seguro por Cese de Actividad: Pr\u00e9stamos Blandos por Cese de Actividad &#8211; [&hellip;]<\/p>\n","protected":false},"author":2,"featured_media":995,"comment_status":"closed","ping_status":"closed","sticky":false,"template":"","format":"standard","meta":{"_monsterinsights_skip_tracking":false,"_monsterinsights_sitenote_active":false,"_monsterinsights_sitenote_note":"","_monsterinsights_sitenote_category":0,"footnotes":""},"categories":[3],"tags":[29,27,31,32,28],"class_list":["post-992","post","type-post","status-publish","format-standard","has-post-thumbnail","hentry","category-nacionales","tag-apoyo-financiero","tag-covid-19","tag-emprendedores","tag-microfinanzas","tag-mipymes"],"_links":{"self":[{"href":"http:\/\/cecodur.org.uy\/web\/wp-json\/wp\/v2\/posts\/992","targetHints":{"allow":["GET"]}}],"collection":[{"href":"http:\/\/cecodur.org.uy\/web\/wp-json\/wp\/v2\/posts"}],"about":[{"href":"http:\/\/cecodur.org.uy\/web\/wp-json\/wp\/v2\/types\/post"}],"author":[{"embeddable":true,"href":"http:\/\/cecodur.org.uy\/web\/wp-json\/wp\/v2\/users\/2"}],"replies":[{"embeddable":true,"href":"http:\/\/cecodur.org.uy\/web\/wp-json\/wp\/v2\/comments?post=992"}],"version-history":[{"count":4,"href":"http:\/\/cecodur.org.uy\/web\/wp-json\/wp\/v2\/posts\/992\/revisions"}],"predecessor-version":[{"id":998,"href":"http:\/\/cecodur.org.uy\/web\/wp-json\/wp\/v2\/posts\/992\/revisions\/998"}],"wp:featuredmedia":[{"embeddable":true,"href":"http:\/\/cecodur.org.uy\/web\/wp-json\/wp\/v2\/media\/995"}],"wp:attachment":[{"href":"http:\/\/cecodur.org.uy\/web\/wp-json\/wp\/v2\/media?parent=992"}],"wp:term":[{"taxonomy":"category","embeddable":true,"href":"http:\/\/cecodur.org.uy\/web\/wp-json\/wp\/v2\/categories?post=992"},{"taxonomy":"post_tag","embeddable":true,"href":"http:\/\/cecodur.org.uy\/web\/wp-json\/wp\/v2\/tags?post=992"}],"curies":[{"name":"wp","href":"https:\/\/api.w.org\/{rel}","templated":true}]}}